{"id":1464,"date":"2023-12-01T11:24:50","date_gmt":"2023-12-01T10:24:50","guid":{"rendered":"https:\/\/lescalamb.ovh\/?p=1464"},"modified":"2024-01-24T11:32:59","modified_gmt":"2024-01-24T10:32:59","slug":"marche-de-noel-amaporte-le-5-decembre-2023","status":"publish","type":"post","link":"https:\/\/lescalamb.ovh\/index.php\/2023\/12\/01\/marche-de-noel-amaporte-le-5-decembre-2023\/","title":{"rendered":"March\u00e9 de No\u00ebl AMAP&#8217;orte le 5 d\u00e9cembre 2023"},"content":{"rendered":"\n<p>Amapiennes, Amapiens,<\/p>\n\n\n\n<p>Les f\u00eates de fin d\u2019ann\u00e9e approchent \u00e0 grands pas ce qui nous donne l\u2019occasion de nous rencontrer autour d\u2019un march\u00e9 de No\u00ebl le Mardi 5 D\u00e9cembre pendant la distribution de 18h \u00e0 20h dans le pavillon d&#8217;accueil du Cosec.<br>Voici la liste des exposants :<\/p>\n\n\n\n<ul class=\"wp-block-list\">\n<li>St\u00e9phanie : bracelets du bien-\u00eatre , bijoux en pierres naturelles de Gemmes<\/li>\n\n\n\n<li>Pascale : articles en tissu, pochettes \u00e0 carte, maquillage, stylo, cl\u00e9s, sacs \u00e0 tarte, sacs \u00e0 bouteille, sacs \u00e0 pain, marmottes, \u2026<\/li>\n\n\n\n<li>Malika : tisanes compos\u00e9es et simples, fleurs, sirops, mac\u00e9rations et baumes huileux<\/li>\n\n\n\n<li>LTGA ( Lib\u00e8re Ton G\u00e9nie pour l\u2019Afrique ) : artisanat du Burkina Faso<\/li>\n\n\n\n<li>Ferme de Cabri\u00e8res : confitures, sirops, \u2026<\/li>\n\n\n\n<li>Carole Faudon, notre chevri\u00e8re : fromages, terrines, plats pr\u00e9par\u00e9s, \u2026<\/li>\n\n\n\n<li>Hugo Bondil : miel<\/li>\n\n\n\n<li>Philippe Maigne : bi\u00e8re des Faucheurs<\/li>\n\n\n\n<li>Cathie Leparc : stages et activit\u00e9s de bien-\u00eatre<\/li>\n\n\n\n<li>Ruben Valles : livres<\/li>\n\n\n\n<li>L\u00e9a de l&#8217;Earl Domaine Beauchamp : vins<\/li>\n\n\n\n<li>Nicolas : \n<ul class=\"wp-block-list\">\n<li>Harissa maison : piquant mod\u00e9r\u00e9, r\u00e9alis\u00e9 avec la vari\u00e9t\u00e9 de piment tunisienne baklouti piments cuitsau four, ail , coriandre, cumin, carvi et sel<\/li>\n\n\n\n<li>piment Espelette en poudre : piquant tr\u00e8s mod\u00e9r\u00e9, parfum unique, int\u00e9ressant pour relev\u00e9 un peu vos plats.<\/li>\n\n\n\n<li>piment jalapeno en poudre : piment mexicain tr\u00e8s utilis\u00e9 dans la cuisine mexicaine, sucr\u00e9e tr\u00e8s poivron, piquant moyen , plus que l\u2019espelette<\/li>\n\n\n\n<li>piment habanero en poudre: piquant tr\u00e8s \u00e9lev\u00e9, pour les amoureux du piment, \u00e0 utilis\u00e9 comme un poivre au dernier moment dans votre assiette avec parcimonie<\/li>\n<\/ul>\n<\/li>\n<\/ul>\n\n\n\n<p>Tout ceci autour d\u2019un vin chaud, th\u00e9s, infusions, grignotage de l\u2019amiti\u00e9 et d&#8217;une animation musicale.<\/p>\n\n\n\n<p>Et pour f\u00eater No\u00ebl en avance , un petit cadeau sera remis \u00e0 chaque famille !<\/p>\n\n\n\n<p>Venez nombreux pour partager ce moment avec nous !<\/p>\n","protected":false},"excerpt":{"rendered":"<p>Amapiennes, Amapiens, Les f\u00eates de fin d\u2019ann\u00e9e approchent \u00e0 grands pas ce qui nous donne l\u2019occasion de nous rencontrer autour d\u2019un march\u00e9 de No\u00ebl le Mardi 5 D\u00e9cembre pendant la distribution de 18h \u00e0 20h dans le pavillon d&#8217;accueil du Cosec.Voici la liste des exposants : Tout ceci autour d\u2019un vin chaud, th\u00e9s, infusions, grignotage &hellip; <a href=\"https:\/\/lescalamb.ovh\/index.php\/2023\/12\/01\/marche-de-noel-amaporte-le-5-decembre-2023\/\" class=\"more-link\">Lire la suite de <span class=\"screen-reader-text\">March\u00e9 de No\u00ebl AMAP&#8217;orte le 5 d\u00e9cembre 2023<\/span><\/a><\/p>\n","protected":false},"author":3,"featured_media":0,"comment_status":"open","ping_status":"open","sticky":false,"template":"","format":"standard","meta":{"footnotes":""},"categories":[1],"tags":[],"class_list":["post-1464","post","type-post","status-publish","format-standard","hentry","category-non-classe"],"_links":{"self":[{"href":"https:\/\/lescalamb.ovh\/index.php\/wp-json\/wp\/v2\/posts\/1464","targetHints":{"allow":["GET"]}}],"collection":[{"href":"https:\/\/lescalamb.ovh\/index.php\/wp-json\/wp\/v2\/posts"}],"about":[{"href":"https:\/\/lescalamb.ovh\/index.php\/wp-json\/wp\/v2\/types\/post"}],"author":[{"embeddable":true,"href":"https:\/\/lescalamb.ovh\/index.php\/wp-json\/wp\/v2\/users\/3"}],"replies":[{"embeddable":true,"href":"https:\/\/lescalamb.ovh\/index.php\/wp-json\/wp\/v2\/comments?post=1464"}],"version-history":[{"count":4,"href":"https:\/\/lescalamb.ovh\/index.php\/wp-json\/wp\/v2\/posts\/1464\/revisions"}],"predecessor-version":[{"id":1469,"href":"https:\/\/lescalamb.ovh\/index.php\/wp-json\/wp\/v2\/posts\/1464\/revisions\/1469"}],"wp:attachment":[{"href":"https:\/\/lescalamb.ovh\/index.php\/wp-json\/wp\/v2\/media?parent=1464"}],"wp:term":[{"taxonomy":"category","embeddable":true,"href":"https:\/\/lescalamb.ovh\/index.php\/wp-json\/wp\/v2\/categories?post=1464"},{"taxonomy":"post_tag","embeddable":true,"href":"https:\/\/lescalamb.ovh\/index.php\/wp-json\/wp\/v2\/tags?post=1464"}],"curies":[{"name":"wp","href":"https:\/\/api.w.org\/{rel}","templated":true}]}}